{"id":630,"date":"2023-06-08T21:21:41","date_gmt":"2023-06-08T19:21:41","guid":{"rendered":"https:\/\/schlu.de\/?p=630"},"modified":"2023-06-09T07:08:45","modified_gmt":"2023-06-09T05:08:45","slug":"rewildering-von-der-haustuer","status":"publish","type":"post","link":"https:\/\/schlu.de\/?p=630","title":{"rendered":"Rewildering von der Haust\u00fcr"},"content":{"rendered":"\n<p>Das Areal Widder ist in der Hombergstra\u00dfe 25 in Jestetten und bietet zur Zeit interessante Einblicke, insbesondere ist es ein ungeplantes Rewildering-Projekt.<\/p>\n\n\n\n<p>Gepr\u00e4gt wird das gro\u00dfe Grundst\u00fcck durch ein imposantes Bauernhaus inmitten eines beachtlichen Umschwungs; hier hat ein wohlhabender Bauer gelebt. Trotz einiger Investitionen in den letzten Jahrzehnten befand sich das Geb\u00e4ude insgesamt im Niedergang, was an den nicht mehr genutzten \u00d6konomiegeb\u00e4uden festzustellen war.<\/p>\n\n\n\n<p>Die gro\u00dfen Gr\u00fcnfl\u00e4chen ums das Geb\u00e4ude haben mit ihren B\u00e4umen und Str\u00e4uchern einen hohen \u00f6kologischen Stellenwert gehabt, und das Geb\u00e4ude stellt wohl auch das Sommerquartier einer Fledermauskolonie.<\/p>\n\n\n\n<p>Aber dann schl\u00e4gt doch der Bauwahn zu. Unter dem Stichwort einer ungeregelten, nicht auf die Umgebung abgestimmten \u00abVerdichtung\u00bb wurde beschlossen, das Grundst\u00fcck mit drei gro\u00dfen Wohnbl\u00f6cken zu versiegeln. Zwar gibt es Wohnbl\u00f6cke in der N\u00e4he, aber nicht in dieser Dichte; und auf andere historische Geb\u00e4ude wurde keinerlei R\u00fccksicht genommen. Interessant ist in diesem Zusammenhang noch, dass der Grundsatzbeschluss des Gemeinderates angreifbar ist; in der entscheidenden Sitzung war eine Abstimmung nicht auf der Tagesordnung angek\u00fcndigt.<\/p>\n\n\n\n<p>Aber basierend auf diesem Grundsatzbeschluss begannen Aktionen zur Umsetzung. Eine davon betraf die Rodung des Gel\u00e4ndes im Fr\u00fchjahr 2022. Im Auftrag des Investors f\u00fchrte eine Truppe von offensichtlich unqualifizierten M\u00e4nnern Rodungsarbeiten durch. In Trainerhosen und ohne erkennbare Schutzausr\u00fcstung f\u00e4llten die M\u00e4nner die B\u00e4ume; vorgeschriebene Sicherheitsabst\u00e4nde wurden nicht eingehalten. So wurden B\u00e4ume in unmittelbarer N\u00e4he von Gehweg und Stra\u00dfe gef\u00e4llt, nichts war abgesperrt, und Fu\u00dfg\u00e4nger und Autos bewegten sich ungehindert im Gefahrenbereich. Auch die F\u00e4llschnitte an den Baumst\u00fcmpfen belegten, dass der Investor hier vollkommen unqualifiziertes Personal zum Einsatz gebracht hat.<\/p>\n\n\n\n<p>Doch dann stockt das Procedere, angeblich hat der Investor das Vorhaben auf die lange Bank geschoben. Der Verkauf des Grundst\u00fccks h\u00e4ngt irgendwie in der Luft, der Vertrag sei zwar unterschrieben, aber die Zahlung soll erst beim Erreichen eines Beschlusses (Bebauungsplan\u00e4nderung oder Baubewilligung?) erfolgen. Und da der Investor das Procedere aktuell nicht vorantreibt, wird seit Mitte 2022 auf dem Grundst\u00fcck nichts mehr gemacht.<\/p>\n\n\n\n<p>Aber nun zeigt sich die Natur mit ihrem eigenen Rewildering-Projekt. Einige der gef\u00e4llten B\u00e4ume und B\u00fcsche treiben wieder aus, sie schie\u00dfen in die H\u00f6he. Heugras kommt hoch, und alles zusammen wird vom Wind bewegt. Auch einige Blumen, vielleicht fr\u00fcher mal angepflanzt oder selbst versamt, machen auch mit; so zum Beispiel die Berg-Flockenblume.<\/p>\n\n\n\n<p>Inmitten der dichter werdenden intensiven Nutzung durch Bebauung nutzt die Flora die Change f\u00fcr sich und f\u00fcr die Tierwelt. Manche st\u00f6ren sich zwar am Anblick dieses Naturparadieses, aber zumindest aus der engeren Nachbarschaft hat es bislang keine Beschwerden gegeben. Die Natur freut es! <\/p>\n\n\n\n<p>Weitere Informationen<\/p>\n\n\n\n<p>Das Grundst\u00fcck ist auch arch\u00e4ologisch interessant, weil dort in den 1930er Jahren Gr\u00e4ber aus der Hallstattzeit entdeckt worden sind:<br>Bad. Fundber. 15, 1939, 17.<br>Bad. Fundber. 17, 1941-47, 303f.<\/p>\n\n\n\n<p>Der Zaun um das Grundst\u00fcck bestand in Teilen aus Bettenrosten aus dem Inventar des in den 1990er Jahren gebauten Wohnheims f\u00fcr Sp\u00e4taussiedler.<\/p>\n\n\n\n<figure class=\"wp-block-gallery has-nested-images columns-default is-cropped wp-block-gallery-1 is-layout-flex wp-block-gallery-is-layout-flex\">\n<figure class=\"wp-block-image size-large\"><a href=\"https:\/\/schlu.de\/wp-content\/uploads\/2023\/06\/rewildering_1.jpg\" target=\"_blank\" rel=\"noopener\"><img loading=\"lazy\" decoding=\"async\" width=\"1024\" height=\"768\" data-id=\"634\" src=\"https:\/\/schlu.de\/wp-content\/uploads\/2023\/06\/rewildering_1-1024x768.jpg\" alt=\"\" class=\"wp-image-634\" srcset=\"https:\/\/schlu.de\/wp-content\/uploads\/2023\/06\/rewildering_1-1024x768.jpg 1024w, https:\/\/schlu.de\/wp-content\/uploads\/2023\/06\/rewildering_1-300x225.jpg 300w, https:\/\/schlu.de\/wp-content\/uploads\/2023\/06\/rewildering_1-768x576.jpg 768w, https:\/\/schlu.de\/wp-content\/uploads\/2023\/06\/rewildering_1-678x509.jpg 678w, https:\/\/schlu.de\/wp-content\/uploads\/2023\/06\/rewildering_1-326x245.jpg 326w, https:\/\/schlu.de\/wp-content\/uploads\/2023\/06\/rewildering_1-80x60.jpg 80w, https:\/\/schlu.de\/wp-content\/uploads\/2023\/06\/rewildering_1.jpg 1156w\" sizes=\"auto, (max-width: 1024px) 100vw, 1024px\" \/><\/a><figcaption class=\"wp-element-caption\">Rewildering: Das Bauernhaus inmitten des gro\u00dfen Grundst\u00fccks<\/figcaption><\/figure>\n\n\n\n<figure class=\"wp-block-image size-large\"><a href=\"https:\/\/schlu.de\/wp-content\/uploads\/2023\/06\/rewildering_3.jpg\" target=\"_blank\" rel=\"noopener\"><img loading=\"lazy\" decoding=\"async\" width=\"1024\" height=\"768\" data-id=\"632\" src=\"https:\/\/schlu.de\/wp-content\/uploads\/2023\/06\/rewildering_3-1024x768.jpg\" alt=\"\" class=\"wp-image-632\" srcset=\"https:\/\/schlu.de\/wp-content\/uploads\/2023\/06\/rewildering_3-1024x768.jpg 1024w, https:\/\/schlu.de\/wp-content\/uploads\/2023\/06\/rewildering_3-300x225.jpg 300w, https:\/\/schlu.de\/wp-content\/uploads\/2023\/06\/rewildering_3-768x576.jpg 768w, https:\/\/schlu.de\/wp-content\/uploads\/2023\/06\/rewildering_3-678x509.jpg 678w, https:\/\/schlu.de\/wp-content\/uploads\/2023\/06\/rewildering_3-326x245.jpg 326w, https:\/\/schlu.de\/wp-content\/uploads\/2023\/06\/rewildering_3-80x60.jpg 80w, https:\/\/schlu.de\/wp-content\/uploads\/2023\/06\/rewildering_3.jpg 1156w\" sizes=\"auto, (max-width: 1024px) 100vw, 1024px\" \/><\/a><figcaption class=\"wp-element-caption\">Bl\u00fchende Berg-Flockenblumen.<\/figcaption><\/figure>\n\n\n\n<figure class=\"wp-block-image size-large\"><a href=\"https:\/\/schlu.de\/wp-content\/uploads\/2023\/06\/rewildering_4.jpg\" target=\"_blank\" rel=\"noopener\"><img loading=\"lazy\" decoding=\"async\" width=\"1024\" height=\"768\" data-id=\"631\" src=\"https:\/\/schlu.de\/wp-content\/uploads\/2023\/06\/rewildering_4-1024x768.jpg\" alt=\"\" class=\"wp-image-631\" srcset=\"https:\/\/schlu.de\/wp-content\/uploads\/2023\/06\/rewildering_4-1024x768.jpg 1024w, https:\/\/schlu.de\/wp-content\/uploads\/2023\/06\/rewildering_4-300x225.jpg 300w, https:\/\/schlu.de\/wp-content\/uploads\/2023\/06\/rewildering_4-768x576.jpg 768w, https:\/\/schlu.de\/wp-content\/uploads\/2023\/06\/rewildering_4-678x509.jpg 678w, https:\/\/schlu.de\/wp-content\/uploads\/2023\/06\/rewildering_4-326x245.jpg 326w, https:\/\/schlu.de\/wp-content\/uploads\/2023\/06\/rewildering_4-80x60.jpg 80w, https:\/\/schlu.de\/wp-content\/uploads\/2023\/06\/rewildering_4.jpg 1152w\" sizes=\"auto, (max-width: 1024px) 100vw, 1024px\" \/><\/a><figcaption class=\"wp-element-caption\">Der F\u00e4llschnitt und die geringe Distanz zu Gehweg und Stra\u00dfe belegen die Gef\u00e4hrlichkeit der Rodung.<\/figcaption><\/figure>\n<\/figure>\n","protected":false},"excerpt":{"rendered":"<div class=\"mh-excerpt\"><p>Das Areal Widder ist in der Hombergstra\u00dfe 25 in Jestetten und bietet zur Zeit interessante Einblicke, insbesondere ist es ein ungeplantes Rewildering-Projekt. Gepr\u00e4gt wird das <a class=\"mh-excerpt-more\" href=\"https:\/\/schlu.de\/?p=630\" title=\"Rewildering von der Haust\u00fcr\">[&#8230;]<\/a><\/p>\n<\/div>","protected":false},"author":1,"featured_media":634,"comment_status":"closed","ping_status":"closed","sticky":false,"template":"","format":"standard","meta":{"footnotes":""},"categories":[14],"tags":[],"class_list":["post-630","post","type-post","status-publish","format-standard","has-post-thumbnail","hentry","category-heimat"],"_links":{"self":[{"href":"https:\/\/schlu.de\/index.php?rest_route=\/wp\/v2\/posts\/630","targetHints":{"allow":["GET"]}}],"collection":[{"href":"https:\/\/schlu.de\/index.php?rest_route=\/wp\/v2\/posts"}],"about":[{"href":"https:\/\/schlu.de\/index.php?rest_route=\/wp\/v2\/types\/post"}],"author":[{"embeddable":true,"href":"https:\/\/schlu.de\/index.php?rest_route=\/wp\/v2\/users\/1"}],"replies":[{"embeddable":true,"href":"https:\/\/schlu.de\/index.php?rest_route=%2Fwp%2Fv2%2Fcomments&post=630"}],"version-history":[{"count":3,"href":"https:\/\/schlu.de\/index.php?rest_route=\/wp\/v2\/posts\/630\/revisions"}],"predecessor-version":[{"id":638,"href":"https:\/\/schlu.de\/index.php?rest_route=\/wp\/v2\/posts\/630\/revisions\/638"}],"wp:featuredmedia":[{"embeddable":true,"href":"https:\/\/schlu.de\/index.php?rest_route=\/wp\/v2\/media\/634"}],"wp:attachment":[{"href":"https:\/\/schlu.de\/index.php?rest_route=%2Fwp%2Fv2%2Fmedia&parent=630"}],"wp:term":[{"taxonomy":"category","embeddable":true,"href":"https:\/\/schlu.de\/index.php?rest_route=%2Fwp%2Fv2%2Fcategories&post=630"},{"taxonomy":"post_tag","embeddable":true,"href":"https:\/\/schlu.de\/index.php?rest_route=%2Fwp%2Fv2%2Ftags&post=630"}],"curies":[{"name":"wp","href":"https:\/\/api.w.org\/{rel}","templated":true}]}}