{"id":42,"date":"2016-09-27T09:48:24","date_gmt":"2016-09-27T09:48:24","guid":{"rendered":"http:\/\/schlu.de\/?p=42"},"modified":"2021-12-05T16:55:13","modified_gmt":"2021-12-05T15:55:13","slug":"neues-zu-wegekreuzen-und-bildstoecken-in-jestetten-und-altenburg","status":"publish","type":"post","link":"https:\/\/schlu.de\/?p=42","title":{"rendered":"Neues zu Wegekreuzen und Bildst\u00f6cken in Jestetten und Altenburg"},"content":{"rendered":"<p>Nicht nur Kirchen, auch Feld-\/Wegkreuze und \u00a0Bildst\u00f6cke sind markante Punkte in unserer Gemeinde und in unserer Region. Solche religi\u00f6sen Kleindenkmale zeugen von einer langen Geschichte. Bei einigen dieser Kleinode hat sich das Wissen um die Entstehung im Lauf der Jahre verloren.<\/p>\n<p><!--more--><\/p>\n<p>Die religi\u00f6sen Denkmale wurden von Max Bl\u00f6dt in der Dorfchronik(1) und im Dorfbuch(2) beschrieben. Im Rahmen der Erfassung der Kleindenkmale wurden auch die Feldkreuze ins entsprechende Inventar aufgenommen (4). Das Hardtkreuz an der Bundesstra\u00dfe nach Neuhausen erhielt dabei sogar die Laufnummer 1.<\/p>\n<p>Aber auch dieses Erbe muss gepflegt sein, der Zahn der Zeit setzt selbst dem h\u00e4rtesten Stein zu. So musste in den 1980er Jahren\u00a0 das besch\u00e4digte Steinerne Kreuz am Ortsausgang nach Neuhausen ersetzt \u00a0werden (3). In den letzten Jahren hat \u00a0die Gemeinde einiges f\u00fcr die Instandhaltung weiterer religi\u00f6sen Denkmale getan. Darunter:<\/p>\n<ul>\n<li>Kreuz am Kreisel: Neuer Sockel<\/li>\n<li>Kreuz beim Friedhof in Altenburg: Kompletterneuerung<\/li>\n<li>Kreuz am Schalmengraben: Kompletterneuerung<\/li>\n<li>Bildstock beim Friedhof Jestetten: Ausbesserung schadhafter Stellen<\/li>\n<\/ul>\n<p>Als aktuell letzte gr\u00f6\u00dfere Ma\u00dfnahmen erfolgten nun der Ersatz des Hardtkreuzes und die Sanierung des Bildstocks am Haus Windler .<\/p>\n<h2>Das neue Hardtkreuz<\/h2>\n<p>Das Wegkreuz wurde 1861 im neogotischen Stil erstellt, der Grund f\u00fcr die Errichtung ist gem\u00e4\u00df den Angaben von Max Bl\u00f6dt unbekannt. Dieses Kreuz wird von vielen gar nicht wahrgenommen; zwar steht es an einer prominenten Stelle oberhalb der Stra\u00dfe, es wird aber von zwei gro\u00dfen Nussb\u00e4umen verdeckt und ist auch nicht fu\u00dfl\u00e4ufig erschlossen. Durch Verwitterung hat der Stein des Kreuzes in den letzten Jahren stark gelitten, bei der Erfassung als Kleindenkmal im Jahr 2013 bewertete der Erfasser Heinz-Dieter Metzger den Zustand als \u201emangelhaft; starke Besch\u00e4digung oder Verwitterung oder Risse\u201c. Da wegen irreparabler Sch\u00e4den am Tragwerk die Standsicherheit des Kreuzes nicht mehr gew\u00e4hrleistet war, \u00a0wurde ein Ersatz in Auftrag gegeben.<\/p>\n<p>Erm\u00f6glicht wurde das Projekt nicht nur durch die Gemeinde, durch gro\u00dfz\u00fcgige private Spenden konnte ein Gro\u00dfteil des Aufwands finanziert werden. Es zeugt von hohem Gemeinsinn, dass sich B\u00fcrger direkt einbringen. Das historische Erbe wird so an nachfolgende Generationen weitergegeben.<\/p>\n<p>Das neue Hardtkreuz wurde von den Bildhauern J\u00fcrgen K\u00fcbler und Radegund Fricker geschaffen. Wie schon beim Vorg\u00e4ngerkreuz, wurde Rorschacher Sandstein verwendet. Bei der Gestaltung gab es eine Arbeitsteilung, J\u00fcrgen K\u00fcbler fertigte den Sockel mit Spitzbogen und gotischem Spiegel, Radegund Fricker fertigte das Jestetter Wappen und das Relief des Kelches. Da einige Teile des alten Kreuzes stark verwittert waren, wurden auch historische Fotos des Kreuzes aus dem Nachlass von Max Bl\u00f6dt zur\u00fcckgegriffen. Der Korpus des Vorg\u00e4ngerkreuzes wurde von Radegund Fricker aufgearbeitet und konnte dann f\u00fcr das neue Kreuz verwendet werden.<\/p>\n<p>Seit Herbst 2015 erstrahlt das neue Hardtkreuz in seinem neogotischen Stil und zeigt die Jahreszahl 1861. Ein noch anzubringender Hinweis wird darauf hindeuten, dass es sich um eine erneuerte Fassung handelt.<\/p>\n<p>Dass es ein neues Hardtkreuz gibt, das wurde auch au\u00dferhalb unserer Gemeinde bemerkt. So schm\u00fcckte ein Foto des Kreuzes den Osterartikel 2016 \u201eOstern, das grosse Trotz-alledem\u201c der Schaffhauser Nachrichten, und der Autor J\u00fcrgen Dittrich schrieb unter das Foto: \u201eDas Kreuz wird zur Hoffnung \u2013 Sinnbild daf\u00fcr sind diese beiden B\u00e4ume an der Strasse von Neuhausen nach Jestetten.\u201c<\/p>\n<p>Noch immer widersetzt sich das Hardtkreuz Ann\u00e4herungen. Nicht nur, dass man \u00fcber die Bundesstra\u00dfe muss, auch das Fotografieren bietet Herausforderung. Da das Kreuz nach Norden blickt, steht das Kreuz fast immer im eigenen Schatten. Hinzu kommt noch, \u00a0dass man zum Teil gegen hellen Himmel und zum Teil gegen dunkles Blattwerk der Nussb\u00e4ume fotografiert.<\/p>\n<p>Das neue Hardtkreuz steht also nun an seinem Platz, und es wird dies hoffentlich noch lange tun. Aber auch das alte Kreuz hat zumindest teilweise eine neue Verwendung gefunden. Heinz-Dieter Metzger hat die noch benutzbaren Teile an seinem Grundst\u00fcck in der Au neu aufgestellt. Statt einem Kreuz ist es nun eine Art Stele. Wanderer und Radfahrer, die zwischen Jestetten und Neuhausen unterwegs sind, k\u00f6nnen sich so die Reliefs von Kelch und Wappen in Ruhe anschauen und den Text auf dem Sockel lesen. \u00a0Eine Informationstafel bietet Wissenswertes zum alten Standort und zum neuen Kreuz. Heinz-Dieter Metzger freut sich, dass das \u201eRestkreuz\u201c so viel Beachtung findet. Somit ist das Kreuz n\u00e4her zu den Menschen ger\u00fcckt.<\/p>\n<h2>Sanierung Bildstock beim Haus Windler<\/h2>\n<p>Der Bildstock beim Haus Windler wurde von Heimkehrern des 1. Weltkrieges errichtet. Das Alter zeigte sich in abbrechendem Putz und hereindr\u00fcckender Feuchtigkeit. Die Sanierung erforderte eine Vielzahl von Gewerken, die alle zur Instandsetzung beitrugen. Wegen der Gr\u00f6\u00dfe des Bildstocks musste dieser zuerst einger\u00fcstet werden, bevor die Arbeiten mit Abtragen des alten Putzes beginnen konnten. Zum Schutz gegen Feuchtigkeit wurde eine Kupferbedachung angebracht, frisch verputzt und bemalt straht der Bildstock im Sonnenlicht. Auch das Gitter und die Gedenktafel wurden restauriert.<\/p>\n<p>Die Herz Jesu Figur musste ebenfalls restauriert werden. Dazu besserte Eberhard Rieber schadhafte Stellen der Holzskulptur aus, Mariana Herr f\u00fchrte die vorbildgetreue Bemalung durch.<\/p>\n<p>So stellt sich der Bildstock heute wieder als ein Blickfang dar. Dies dank des Verantwortungsgef\u00fchls der Gemeinde und insbesondere der Einsatzbereitschaft der Nachbarn, die wesentlich zum Gelingen des Projekts beigetragen haben.<\/p>\n<h2>Schluss<\/h2>\n<p>Die Kreuze sind nicht nur Teil der Geschichte unserer Gemeinde, sie schaffen auch ein Gef\u00fchl von Vertrautheit und Heimat. Dies zeigt sich an der Bemerkung des Bildhauers J\u00fcrgen K\u00fcbler, der seine T\u00e4tigkeit f\u00fcr den Erhalt der Kleindenkmale wie folgt zusammenfasst:<\/p>\n<p>\u201eDie Geschichte im Dorf soll erhalten bleiben. Es ist sch\u00f6n, dass ich an so vielen Denkm\u00e4lern habe mitarbeiten k\u00f6nnen.\u201c<\/p>\n<h2><strong>Literatur:<\/strong><\/h2>\n<ol>\n<li>Max Bl\u00f6dt: Wegekreuze und Bildst\u00f6cke in Jestetten und Altenburg<br \/>\nJestetter Dorfchronik, 1995, Seiten 75-78 , ferner Farbseite Seite 70<\/li>\n<li>Max Bl\u00f6dt: Von Friedh\u00f6fen und frommen Gedenkst\u00e4tten<br \/>\nin Karl-Hellmuth Jahnke, Erich Danner (Hrsg): Das Jestetter Dorfbuch; 2001, Seiten 357-363<\/li>\n<li>Karl-Hellmuth Jahnke: Das \u201eSteinerne Kreuz\u201c<br \/>\nJestetter Dorfchronik, 1986, Seiten 45-50<\/li>\n<li>Bernhard Merk, Heinz-Dieter Metzger, Konrad Schlude: Erfassung von Kleindenkmalen<br \/>\nJestetter Dorfchronik, 2013, Seite 123<\/li>\n<\/ol>\n<figure id=\"attachment_45\" aria-describedby=\"caption-attachment-45\" style=\"width: 225px\" class=\"wp-caption alignnone\"><img loading=\"lazy\" decoding=\"async\" class=\"size-medium wp-image-45\" src=\"http:\/\/schlu.de\/wp-content\/uploads\/2017\/05\/2016_09_27_Neues_Hardtkreuz-e1493632816689-225x300.jpg\" alt=\"\" width=\"225\" height=\"300\" \/><figcaption id=\"caption-attachment-45\" class=\"wp-caption-text\">Das neue Hardtkreuz<\/figcaption><\/figure>\n<figure id=\"attachment_44\" aria-describedby=\"caption-attachment-44\" style=\"width: 225px\" class=\"wp-caption alignright\"><img loading=\"lazy\" decoding=\"async\" class=\"wp-image-44 size-medium\" src=\"http:\/\/schlu.de\/wp-content\/uploads\/2017\/05\/2016_09_27_Neues_Hardkreuz_Detail-e1493632780781-225x300.jpg\" alt=\"\" width=\"225\" height=\"300\" \/><figcaption id=\"caption-attachment-44\" class=\"wp-caption-text\">Inschrift des neuen Kreuzes<\/figcaption><\/figure>\n<figure id=\"attachment_46\" aria-describedby=\"caption-attachment-46\" style=\"width: 225px\" class=\"wp-caption alignleft\"><img loading=\"lazy\" decoding=\"async\" class=\"wp-image-46 size-medium\" src=\"http:\/\/schlu.de\/wp-content\/uploads\/2017\/05\/2016_09_27_Rumpfkreuz-225x300.jpg\" alt=\"\" width=\"225\" height=\"300\" \/><figcaption id=\"caption-attachment-46\" class=\"wp-caption-text\">Das Rumpfkreuz<\/figcaption><\/figure>\n<figure id=\"attachment_43\" aria-describedby=\"caption-attachment-43\" style=\"width: 225px\" class=\"wp-caption alignnone\"><img loading=\"lazy\" decoding=\"async\" class=\"size-medium wp-image-43\" src=\"http:\/\/schlu.de\/wp-content\/uploads\/2017\/05\/2016_09_27_Bildstock-e1493632720280-225x300.jpg\" alt=\"\" width=\"225\" height=\"300\" \/><figcaption id=\"caption-attachment-43\" class=\"wp-caption-text\">Der renovierte Bildstock<\/figcaption><\/figure>\n<hr \/>\n<p><em>Konrad Schlude<\/em><\/p>\n","protected":false},"excerpt":{"rendered":"<div class=\"mh-excerpt\"><p>Nicht nur Kirchen, auch Feld-\/Wegkreuze und \u00a0Bildst\u00f6cke sind markante Punkte in unserer Gemeinde und in unserer Region. Solche religi\u00f6sen Kleindenkmale zeugen von einer langen Geschichte. <a class=\"mh-excerpt-more\" href=\"https:\/\/schlu.de\/?p=42\" title=\"Neues zu Wegekreuzen und Bildst\u00f6cken in Jestetten und Altenburg\">[&#8230;]<\/a><\/p>\n<\/div>","protected":false},"author":1,"featured_media":45,"comment_status":"open","ping_status":"open","sticky":false,"template":"","format":"standard","meta":{"footnotes":""},"categories":[10],"tags":[],"class_list":["post-42","post","type-post","status-publish","format-standard","has-post-thumbnail","hentry","category-chronik"],"_links":{"self":[{"href":"https:\/\/schlu.de\/index.php?rest_route=\/wp\/v2\/posts\/42","targetHints":{"allow":["GET"]}}],"collection":[{"href":"https:\/\/schlu.de\/index.php?rest_route=\/wp\/v2\/posts"}],"about":[{"href":"https:\/\/schlu.de\/index.php?rest_route=\/wp\/v2\/types\/post"}],"author":[{"embeddable":true,"href":"https:\/\/schlu.de\/index.php?rest_route=\/wp\/v2\/users\/1"}],"replies":[{"embeddable":true,"href":"https:\/\/schlu.de\/index.php?rest_route=%2Fwp%2Fv2%2Fcomments&post=42"}],"version-history":[{"count":4,"href":"https:\/\/schlu.de\/index.php?rest_route=\/wp\/v2\/posts\/42\/revisions"}],"predecessor-version":[{"id":576,"href":"https:\/\/schlu.de\/index.php?rest_route=\/wp\/v2\/posts\/42\/revisions\/576"}],"wp:featuredmedia":[{"embeddable":true,"href":"https:\/\/schlu.de\/index.php?rest_route=\/wp\/v2\/media\/45"}],"wp:attachment":[{"href":"https:\/\/schlu.de\/index.php?rest_route=%2Fwp%2Fv2%2Fmedia&parent=42"}],"wp:term":[{"taxonomy":"category","embeddable":true,"href":"https:\/\/schlu.de\/index.php?rest_route=%2Fwp%2Fv2%2Fcategories&post=42"},{"taxonomy":"post_tag","embeddable":true,"href":"https:\/\/schlu.de\/index.php?rest_route=%2Fwp%2Fv2%2Ftags&post=42"}],"curies":[{"name":"wp","href":"https:\/\/api.w.org\/{rel}","templated":true}]}}