{"id":418,"date":"1996-10-28T18:45:13","date_gmt":"1996-10-28T17:45:13","guid":{"rendered":"http:\/\/schlu.de\/?p=418"},"modified":"2020-05-09T21:37:16","modified_gmt":"2020-05-09T19:37:16","slug":"50-jahre-ungarnaufstand-von-1956","status":"publish","type":"post","link":"https:\/\/schlu.de\/?p=418","title":{"rendered":"40 Jahre Ungarnaufstand von 1956"},"content":{"rendered":"<p>Leserbrief an die FAZ<\/p>\n<p><strong>Betr.: <\/strong>Artikel &#8222;Zwei Wochen im Herbst und der ewige Streit der Erben&#8220; &nbsp;&nbsp; von Matthias R\u00fcb, FAZ 23.10.96, und &#8222;Ein gef\u00e4hrlicher Augen\u00adblick &nbsp; scheinbaren Gelingens&#8220; von Georg Paul Hefty, FAZ 26.10.96<\/p>\n<p>In diesen Artikeln berichten Sie ausf\u00fchrlich \u00fcber den Aufstand in Ungarn und seine Auswirkungen bis in die Gegenwart. G.P. Hefty sieht die Nachwirkungen des Aufstandes als ersch\u00f6pft an; die Forderungen der Aufst\u00e4ndischen von 1956 sind nach 1989 erf\u00fcllt worden, die Bev\u00f6lke\u00adrungsmehrheit in Deutschland ist nach 1956 geboren und somit am Auf\u00adstand nicht mehr interessiert. Ist nun alles nur noch Geschichte, abgelegt in verstaubten Reden und B\u00fcchern?<\/p>\n<p>Obwohl ich erst Jahre nach dem Ungarnaufstand geboren worden bin und keinerlei verwandtschaftlichen Beziehungen nach Ungarn habe, mu\u00df ich diese Frage f\u00fcr mich pers\u00f6nlich mit aller Kraft verneinen. 1987 machte ich mich bei einem Besuch in Budapest auf die Suche nach dem auch von Matthias R\u00fcb beschriebenen Gr\u00e4berfeld 301 mit den dort verscharrten Opfern des Aufstands, diese Suche war f\u00fcr mich damals eine einzige Entt\u00e4uschung:<\/p>\n<p>Ich hatte erwartet, irgendwelche Zeichen des Erinnerns zu finden, zumindest ein Hoffnungsschimmer, da\u00df das Verbrechen von 1956 nicht vergessen war. Doch nichts davon fand ich. Stattdessen f\u00fchrte mich die Suche durch das knie\u00adhohe Gras eines von undurchdringlichem Gestr\u00fcpp flan\u00adkier\u00adten Feld\u00adwegs in die scheinbar absolute Vergessenheit. Nur am Markierungsstein mit der Aufschrift &#8222;301&#8220; lagen die k\u00fcmmerlichen \u00dcberreste einiger Blumen. Das Grabfeld selber konnte man nur als vollkommen verwachsen bezeichnen: B\u00fcsche und hohes D\u00fcrrgras. Nur ein paar wenige schiefe Grab\u00adkreuze aus rostigen Eisenrohren bezeugten das Grabfeld. Da\u00df es auch noch Grabh\u00fcgel gab, merkte ich erst, als ich \u00fcber einen stolperte. Das Gr\u00e4berfeld 301 und die Erinnerung daran schienen vollkommen aus einer anderen Welt zu sein; durch das Ver\u00addr\u00e4ngen war das Unrecht zementiert worden.<\/p>\n<figure id=\"attachment_421\" aria-describedby=\"caption-attachment-421\" style=\"width: 678px\" class=\"wp-caption alignnone\"><a href=\"http:\/\/schlu.de\/wp-content\/uploads\/1996\/10\/img095.jpg\"><img loading=\"lazy\" decoding=\"async\" class=\"wp-image-421 size-mh-magazine-lite-content\" src=\"http:\/\/schlu.de\/wp-content\/uploads\/1996\/10\/img095-678x381.jpg\" alt=\"\" width=\"678\" height=\"381\"><\/a><figcaption id=\"caption-attachment-421\" class=\"wp-caption-text\">Blick ins Gr\u00e4berfeld 301 am 28. Juli 1987<\/figcaption><\/figure>\n<p>Doch keine zwei Jahre sp\u00e4ter wurden die Opfer rehabilitiert und exhu\u00admiert, von einem Vergessen konnte gar keine Rede mehr sein. Versteckt hatte das Erinnern an das Unrecht \u00fcberlebt. Mehr noch als der Fall der Mauer in Berlin ist dieser Vorgang f\u00fcr mich ein Symbol der Hoffnung, da\u00df der Drang nach Freiheit und der Wille zur Wahrheit letzten Endes jede Gewaltherrschaft bezwingen.<\/p>\n<hr>\n<p><em>Konrad Schlude<\/em><\/p>\n","protected":false},"excerpt":{"rendered":"<div class=\"mh-excerpt\"><p>Leserbrief an die FAZ Betr.: Artikel &#8222;Zwei Wochen im Herbst und der ewige Streit der Erben&#8220; &nbsp;&nbsp; von Matthias R\u00fcb, FAZ 23.10.96, und &#8222;Ein gef\u00e4hrlicher <a class=\"mh-excerpt-more\" href=\"https:\/\/schlu.de\/?p=418\" title=\"40 Jahre Ungarnaufstand von 1956\">[&#8230;]<\/a><\/p>\n<\/div>","protected":false},"author":1,"featured_media":420,"comment_status":"closed","ping_status":"closed","sticky":false,"template":"","format":"standard","meta":{"footnotes":""},"categories":[1],"tags":[],"class_list":["post-418","post","type-post","status-publish","format-standard","has-post-thumbnail","hentry","category-uncategorized"],"_links":{"self":[{"href":"https:\/\/schlu.de\/index.php?rest_route=\/wp\/v2\/posts\/418","targetHints":{"allow":["GET"]}}],"collection":[{"href":"https:\/\/schlu.de\/index.php?rest_route=\/wp\/v2\/posts"}],"about":[{"href":"https:\/\/schlu.de\/index.php?rest_route=\/wp\/v2\/types\/post"}],"author":[{"embeddable":true,"href":"https:\/\/schlu.de\/index.php?rest_route=\/wp\/v2\/users\/1"}],"replies":[{"embeddable":true,"href":"https:\/\/schlu.de\/index.php?rest_route=%2Fwp%2Fv2%2Fcomments&post=418"}],"version-history":[{"count":3,"href":"https:\/\/schlu.de\/index.php?rest_route=\/wp\/v2\/posts\/418\/revisions"}],"predecessor-version":[{"id":515,"href":"https:\/\/schlu.de\/index.php?rest_route=\/wp\/v2\/posts\/418\/revisions\/515"}],"wp:featuredmedia":[{"embeddable":true,"href":"https:\/\/schlu.de\/index.php?rest_route=\/wp\/v2\/media\/420"}],"wp:attachment":[{"href":"https:\/\/schlu.de\/index.php?rest_route=%2Fwp%2Fv2%2Fmedia&parent=418"}],"wp:term":[{"taxonomy":"category","embeddable":true,"href":"https:\/\/schlu.de\/index.php?rest_route=%2Fwp%2Fv2%2Fcategories&post=418"},{"taxonomy":"post_tag","embeddable":true,"href":"https:\/\/schlu.de\/index.php?rest_route=%2Fwp%2Fv2%2Ftags&post=418"}],"curies":[{"name":"wp","href":"https:\/\/api.w.org\/{rel}","templated":true}]}}