{"id":387,"date":"2016-01-21T17:00:16","date_gmt":"2016-01-21T16:00:16","guid":{"rendered":"http:\/\/schlu.de\/?p=387"},"modified":"2022-11-06T12:28:55","modified_gmt":"2022-11-06T11:28:55","slug":"kelten-in-osterfingen-grabung-der-kantonsarchaeologie-schaffhausen","status":"publish","type":"post","link":"https:\/\/schlu.de\/?p=387","title":{"rendered":"Kelten in Osterfingen  &#8211; Grabung der Kantonsarch\u00e4ologie  Schaffhausen"},"content":{"rendered":"<div>Im Rahmen einer Medienorientierung &#8222;Kelten in Osterfingen&#8220; informierte der Schaffhauser Kantonsarch\u00e4ologe Markus H\u00f6neisen \u00fcber die Grabungen in Jestettens Nachbargemeinde Wilchingen, Ortsteil Osterfingen. Wie H\u00f6neisen berichtete, war im Vorfeld der Bauarbeiten f\u00fcr eine Islandpferde-Rundbahn auf dem Bauareal mit Streufunden gerechnet worden, aber zur gro\u00dfen \u00dcberraschung aller Beteiligten kamen gleich zwei sehr gut erhaltene eisenzeitlichen Schichten hervor. Gegen Ende der \u00e4lteren Eisenzeit (Hallstattzeit) befand sich auf dem Areal eine d\u00f6rfliche Siedlung, rund 400 Jahre sp\u00e4ter war gegen Ende der j\u00fcngeren Eisenzeit (Lat\u00e8nezeit) um 100 v.Chr. eine Art Werkplatz mit Handwerksbetrieben. Wie Markus H\u00f6neisen erkl\u00e4rte, habe er in 25 Jahren f\u00fcr die Kantonsarch\u00e4ologie Schaffhausen noch keine so gut erhaltenen Siedlungsschichten bearbeitet.<\/div>\n<div>Die hohe arch\u00e4ologische Bedeutung erkl\u00e4rt sich unter anderem auch dadurch, dass in der Region keltische Fundstellen recht selten sind. Zwar kennt man insbesondere das ebenfalls aus der sp\u00e4ten Lat\u00e8nezeit stammende Doppeloppidum von Altenburg-Rheinau als stadt\u00e4hnliche Siedlung, aber bislang fehlt es an Informationen zum f\u00fcr diese Stadt ben\u00f6tigten Umland. Da der Werkplatz in Osterfingen und das Doppeloppidum Altenburg-Rheinau zur gleichen Zeit bestanden haben, ist von einem Zusammenhang der beiden St\u00e4tten auszugehen.<\/div>\n<div>Die Grabungsleiterin Kathrin Sch\u00e4ppi stellte die aktuellen Grabungsarbeiten vor. Da die Kelten verg\u00e4ngliche Lehm- u. Holzbauten errichtet hatten, finden die Arch\u00e4ologen als Reste nur Pfostenl\u00f6cher und andere Vertiefungen. Ziel ist es, aus dem Wirrwarr von Informationen aus sich \u00fcberdeckenden Schichten die bauliche Entwicklung nachvollziehen zu k\u00f6nnen. So konnten die Arch\u00e4ologen f\u00fcr das hallstattzeitliche Dorf mehrere H\u00e4user und Grubenh\u00e4user nachweisen, deren Grundrisse sich teilweise \u00fcberschneiden. Bei einer Grube wurde eine Verkleidung mit gebranntem Lehm festgestellt, wahrscheinlich diente diese Grube der Aufbewahrung von Getreide.<\/div>\n<div>Beim lat\u00e8nezeitlichen Werkareal wurden zwei T\u00f6pfer\u00f6fen entdeckt, die interessante Einblicke in die Arbeit der keltischen T\u00f6pfer erm\u00f6glichen.<\/div>\n<div>In der Ausstellung der Funde erl\u00e4uterte Kathrin Sch\u00e4ppi die Keramikfunde, die j\u00fcngeren aus der Lat\u00e8nezeit wurden auf der Drehscheibe hergestellt, die aus der Hallstattzeit noch freih\u00e4ndig. Schon am ersten Tag der Grabung war eine keltische M\u00fcnze gefunden worden. Diese M\u00fcnze zeigt ein Pferd, angesichts der Baustelle der Islandpferde-Rundbahn eine am\u00fcsante Querverbindung. Einen entsprechenden M\u00fcnzstempel kennt man vom keltischen Oppidum Mont Vully im Kanton Freiburg.<\/div>\n<div>Weitere Handelsbeziehungen sind durch den Fund einer Fibel belegt; diese ist mit einem Korallenst\u00fcck aus Oberitalien verziert.<\/div>\n<div>Die Grabungen laufen noch bis ins Fr\u00fchjahr weiter, diese beschr\u00e4nken sich auf das Areal der geplanten Islandpferde-Rundbahn. Die n\u00e4here Umgebung wird zerst\u00f6rungsfrei untersucht werden, beispielsweise mit Geomagnetik oder Bodenradar, um mehr \u00fcber die Ausdehnung der Siedlungen zu erfahren. Die Auswertungen der Funde wird mehrere Jahre dauern. Gem\u00e4\u00df dem Kantonsarch\u00e4ologen H\u00f6neisen muss und wird die Fundstelle ob ihrer Bedeutung auch Niederschlag in der arch\u00e4ologischen Ausstellung des Museums Allerheiligen in Schaffhausen finden.<\/div>\n<div>\n<hr \/>\n<\/div>\n<p><em>Konrad Schlude<\/em><\/p>\n<p>Link zum <a href=\"http:\/\/www.ja-projekt.de\/2016_01_21_Kelten_in_Osterfingen.pdf\" target=\"_blank\" rel=\"noopener\">PDF mit mehr Fotos<\/a><\/p>\n","protected":false},"excerpt":{"rendered":"<div class=\"mh-excerpt\"><p>Im Rahmen einer Medienorientierung &#8222;Kelten in Osterfingen&#8220; informierte der Schaffhauser Kantonsarch\u00e4ologe Markus H\u00f6neisen \u00fcber die Grabungen in Jestettens Nachbargemeinde Wilchingen, Ortsteil Osterfingen. Wie H\u00f6neisen berichtete, <a class=\"mh-excerpt-more\" href=\"https:\/\/schlu.de\/?p=387\" title=\"Kelten in Osterfingen  &#8211; Grabung der Kantonsarch\u00e4ologie  Schaffhausen\">[&#8230;]<\/a><\/p>\n<\/div>","protected":false},"author":1,"featured_media":388,"comment_status":"closed","ping_status":"closed","sticky":false,"template":"","format":"standard","meta":{"footnotes":""},"categories":[3],"tags":[],"class_list":["post-387","post","type-post","status-publish","format-standard","has-post-thumbnail","hentry","category-bildungswerk"],"_links":{"self":[{"href":"https:\/\/schlu.de\/index.php?rest_route=\/wp\/v2\/posts\/387","targetHints":{"allow":["GET"]}}],"collection":[{"href":"https:\/\/schlu.de\/index.php?rest_route=\/wp\/v2\/posts"}],"about":[{"href":"https:\/\/schlu.de\/index.php?rest_route=\/wp\/v2\/types\/post"}],"author":[{"embeddable":true,"href":"https:\/\/schlu.de\/index.php?rest_route=\/wp\/v2\/users\/1"}],"replies":[{"embeddable":true,"href":"https:\/\/schlu.de\/index.php?rest_route=%2Fwp%2Fv2%2Fcomments&post=387"}],"version-history":[{"count":5,"href":"https:\/\/schlu.de\/index.php?rest_route=\/wp\/v2\/posts\/387\/revisions"}],"predecessor-version":[{"id":623,"href":"https:\/\/schlu.de\/index.php?rest_route=\/wp\/v2\/posts\/387\/revisions\/623"}],"wp:featuredmedia":[{"embeddable":true,"href":"https:\/\/schlu.de\/index.php?rest_route=\/wp\/v2\/media\/388"}],"wp:attachment":[{"href":"https:\/\/schlu.de\/index.php?rest_route=%2Fwp%2Fv2%2Fmedia&parent=387"}],"wp:term":[{"taxonomy":"category","embeddable":true,"href":"https:\/\/schlu.de\/index.php?rest_route=%2Fwp%2Fv2%2Fcategories&post=387"},{"taxonomy":"post_tag","embeddable":true,"href":"https:\/\/schlu.de\/index.php?rest_route=%2Fwp%2Fv2%2Ftags&post=387"}],"curies":[{"name":"wp","href":"https:\/\/api.w.org\/{rel}","templated":true}]}}