{"id":278,"date":"2017-10-13T20:02:49","date_gmt":"2017-10-13T18:02:49","guid":{"rendered":"http:\/\/schlu.de\/?p=278"},"modified":"2017-10-16T20:05:00","modified_gmt":"2017-10-16T18:05:00","slug":"kommunalpolitische-exkursion-dettighofen","status":"publish","type":"post","link":"https:\/\/schlu.de\/?p=278","title":{"rendered":"Kommunalpolitische Exkursion Dettighofen"},"content":{"rendered":"<div class=\"elementStandard elementText\">\n<p class=\"description\">Auf Einladung der B\u00fcrgermeisterin Marion Frei hat die CDU Jestetten eine kommunalpolitische Exkursion nach Dettighofen durchgef\u00fchrt, um mehr \u00fcber die aktuellen Entwicklungen in Jestettens Nachbargemeinde zu erfahren.<\/p>\n<\/div>\n<div class=\"elementStandard elementText\">\n<p>Zahlreiche Besucher von Frauen Union und CDU Jestetten folgten der Einladung. Zu den Teilnehmern geh\u00f6rten auch die zuk\u00fcnftige Landtagsabgeordnete Sabine Hartmann-M\u00fcller und die neue CDU-Kreisgesch\u00e4ftsf\u00fchrerin Claudia Villinger.<\/p>\n<p>Dettighofen ist nicht nur eine Nachbargemeinde von Jestetten, zusammen mit Lottstetten bilden sie auch einen Gemeindeverwaltungsverband. Beim CDU Ortsverband Jestetten kommt hinzu, dass dieser auch f\u00fcr Dettighofen zust\u00e4ndig ist; die CDU Jestetten sieht sich daher auch in der Tradition der 1946 unter Leitung des damaligen Vorsitzenden Karl Sp\u00f6rndle gegr\u00fcndeten CDU von Baltersweil-Berwangen. Auf Einladung des damaligen B\u00fcrgermeisters Gerhard Riedm\u00fcller hat die CDU Jestetten bereits im Jahr 2011 eine solche Exkursion durchgef\u00fchrt; nun wollte die CDU mehr \u00fcber die aktuelle politische Entwicklung in Dettighofen von der neuen B\u00fcrgermeisterin Marion Frei erfahren.<\/p>\n<p>Dettighofen ist eine der kleineren Gemeinden im Landkreis Waldshut mit funktionierender Dorf- und Vereinsgemeinschaft, so gibt es momentan 21 Vereine im Ort. Wie B\u00fcrgermeisterin Marion Frei ausf\u00fchrte, ist die Kleinheit aber auch immer eine Herausforderung, auf die mit Flexibilit\u00e4t reagiert werden muss. Dies zeigt sich auch an der Kleinkindbetreuung. Aktuell l\u00e4uft das Projekt, einen Dorfladen einzurichten; Ziel ist dabei nicht nur die einfachere Versorgung, der Laden soll auch ein sozialer Treffpunkt im Dorf sein.<\/p>\n<p>Das &#8222;Hobby Pferd&#8220; ist f\u00fcr Dettighofen in den letzten Jahren immer bedeutsamer geworden. So ist das Hofgut Albf\u00fchren Aush\u00e4ngeschild f\u00fcr den Pferdesport und auch der gr\u00f6\u00dfte Arbeitgeber in der Gemeinde, es gibt aber auch viele weitere Betriebe. Insgesamt gibt es in Dettighofen rund 700 Pferde.<\/p>\n<p>Sabine Hartmann-M\u00fcller, die demn\u00e4chst f\u00fcr den in den Bundestag gew\u00e4hlten Felix Schreiner in den Landtag nachr\u00fccken wird, stellte sich den Anwesenden vor und erl\u00e4utere insbesondere ihre Herkunft aus der Kommunalpolitik. Wie Sabine Hartmann-M\u00fcller ausf\u00fchrte, wird sie im Landtag im dem f\u00fcr die Hochrheinregion wichtigen Verkehrsausschuss t\u00e4tig sein.<\/p>\n<p>Zum Abschluss wurde noch das K\u00e4ppele oberhalb von Baltersweil besucht. Den Teilnehmern bot sich ein herrlicher Ausblick \u00fcber die sonnig-bunte Herbstlandschaft bis zu den Alpen. Gerhard Riedm\u00fcller, Altb\u00fcrgermeister von Dettighofen und Vorsitzender des K\u00e4ppele-Vereins, erl\u00e4uterte die Baugeschichte der Kapelle und die Geschichte des Wallfahrtsweges, der an dieser Stelle vorbeif\u00fchrt.<\/p>\n<\/div>\n","protected":false},"excerpt":{"rendered":"<div class=\"mh-excerpt\"><p>Auf Einladung der B\u00fcrgermeisterin Marion Frei hat die CDU Jestetten eine kommunalpolitische Exkursion nach Dettighofen durchgef\u00fchrt, um mehr \u00fcber die aktuellen Entwicklungen in Jestettens Nachbargemeinde <a class=\"mh-excerpt-more\" href=\"https:\/\/schlu.de\/?p=278\" title=\"Kommunalpolitische Exkursion Dettighofen\">[&#8230;]<\/a><\/p>\n<\/div>","protected":false},"author":1,"featured_media":279,"comment_status":"closed","ping_status":"closed","sticky":false,"template":"","format":"standard","meta":{"footnotes":""},"categories":[4,5],"tags":[],"class_list":["post-278","post","type-post","status-publish","format-standard","has-post-thumbnail","hentry","category-cdu","category-kommunalpolitik"],"_links":{"self":[{"href":"https:\/\/schlu.de\/index.php?rest_route=\/wp\/v2\/posts\/278","targetHints":{"allow":["GET"]}}],"collection":[{"href":"https:\/\/schlu.de\/index.php?rest_route=\/wp\/v2\/posts"}],"about":[{"href":"https:\/\/schlu.de\/index.php?rest_route=\/wp\/v2\/types\/post"}],"author":[{"embeddable":true,"href":"https:\/\/schlu.de\/index.php?rest_route=\/wp\/v2\/users\/1"}],"replies":[{"embeddable":true,"href":"https:\/\/schlu.de\/index.php?rest_route=%2Fwp%2Fv2%2Fcomments&post=278"}],"version-history":[{"count":1,"href":"https:\/\/schlu.de\/index.php?rest_route=\/wp\/v2\/posts\/278\/revisions"}],"predecessor-version":[{"id":280,"href":"https:\/\/schlu.de\/index.php?rest_route=\/wp\/v2\/posts\/278\/revisions\/280"}],"wp:featuredmedia":[{"embeddable":true,"href":"https:\/\/schlu.de\/index.php?rest_route=\/wp\/v2\/media\/279"}],"wp:attachment":[{"href":"https:\/\/schlu.de\/index.php?rest_route=%2Fwp%2Fv2%2Fmedia&parent=278"}],"wp:term":[{"taxonomy":"category","embeddable":true,"href":"https:\/\/schlu.de\/index.php?rest_route=%2Fwp%2Fv2%2Fcategories&post=278"},{"taxonomy":"post_tag","embeddable":true,"href":"https:\/\/schlu.de\/index.php?rest_route=%2Fwp%2Fv2%2Ftags&post=278"}],"curies":[{"name":"wp","href":"https:\/\/api.w.org\/{rel}","templated":true}]}}