{"id":22,"date":"2016-04-08T13:30:56","date_gmt":"2016-04-08T13:30:56","guid":{"rendered":"http:\/\/schlu.de\/?p=22"},"modified":"2017-05-30T21:11:46","modified_gmt":"2017-05-30T19:11:46","slug":"kommunalpolitische-exkursion-kuessaberg","status":"publish","type":"post","link":"https:\/\/schlu.de\/?p=22","title":{"rendered":"Kommunalpolitische Exkursion K\u00fcssaberg"},"content":{"rendered":"<p>Im Rahmen des Jubil\u00e4ums &#8222;70 Jahre CDU Jestetten&#8220; hat die CDU Jestetten eine kommunalpolitische Exkursion nach K\u00fcssaberg durchgef\u00fchrt. B\u00fcrgermeister Manfred Weber begr\u00fc\u00dfte die Teilnehmer und stellte die Gemeinde und insbesondere die Ortsteile vor. <!--more--><\/p>\n<p>Auch in K\u00fcssaberg f\u00fchrt der starke Einkaufstourismus zu einigen Problemen, das Abstempeln der Ausfuhrzettel f\u00fchrt zu starkem R\u00fcckstau in Rheinheim, wodurch beispielsweise auch Eins\u00e4tze der Feuerwehr behindert werden k\u00f6nnen. Als weitere Herausforderung der Kommunalpolitik nannte B\u00fcrgermeister Weber die bauliche Entwicklung einiger Ortsteile, das diese durch die Geographie eingeschr\u00e4nkt sind. Im Rahmen des Landessanierungsprogramms soll das Zentrum des Ortsteils Kadelburg aufgewertet werden.<\/p>\n<p>Im Anschluss wurden der Standort der Gemeindschaftsschule Rheintal besichtigt. Diese Schule ist in dieser Form als Zusammenarbeit von K\u00fcssaberg und Hohentengen seit 2013 in Betrieb. Lehrerin Cornelia Metzger stellte das Konzept der Schule vor.\u00a0 Ziel sei die &#8222;Vorbereitung auf eine Welt, die wir noch nicht kennen&#8220;. Da das Land nicht alle Richtlinien vorgegeben habe, m\u00fcsse flexibel auf anstehende Probleme reagiert werden. Da die Sch\u00fcler nicht mehr Hausaufgaben daheim machen und die Eltern so weniger vom Lernfortschritt mitbekommen, werden die Eltern nun aktiv informiert.<\/p>\n<p>Weiterer Besuchspunkt war die Ganztagesgrundschule in Kadelburg. Rektorin Cornelia K\u00f6bele und B\u00fcrgermeister Weber pr\u00e4sentierten den Neubau der Mensa und stellten den Stunden-\/Betreuungsplan vor. In Zusammenarbeit mit der evangelischen Kirche wird eine Betreuung der Sch\u00fcler an vier Nachmittagen der Woche angeboten. Wichtig sei dabei, dass auch bei einer Betreuung durch Vereine den Sch\u00fclern vertraute Lehrer pr\u00e4sent sind.<\/p>\n<p>Die Teilnehmer, darunter auch Vertreter der CDU Lauchringen erhielten interessante Einblicke in die politische Arbeit in der Gemeinde K\u00fcssaberg. Gerade im Bereich der Schulpolitik zeigte sich, wie wichtig die aktive und enge Zusammenarbeit von Schule und Gemeinde als Schultr\u00e4ger ist.<\/p>\n<figure id=\"attachment_23\" aria-describedby=\"caption-attachment-23\" style=\"width: 300px\" class=\"wp-caption alignnone\"><img loading=\"lazy\" decoding=\"async\" class=\"size-medium wp-image-23\" src=\"http:\/\/schlu.de\/wp-content\/uploads\/2017\/04\/2016_04_08_Exkursion_Kuessaberg-300x221.jpg\" alt=\"\" width=\"300\" height=\"221\" srcset=\"https:\/\/schlu.de\/wp-content\/uploads\/2017\/04\/2016_04_08_Exkursion_Kuessaberg-300x221.jpg 300w, https:\/\/schlu.de\/wp-content\/uploads\/2017\/04\/2016_04_08_Exkursion_Kuessaberg-768x566.jpg 768w, https:\/\/schlu.de\/wp-content\/uploads\/2017\/04\/2016_04_08_Exkursion_Kuessaberg-1024x754.jpg 1024w\" sizes=\"auto, (max-width: 300px) 100vw, 300px\" \/><figcaption id=\"caption-attachment-23\" class=\"wp-caption-text\">B\u00fcrgermeister Manfred Weber (erster von links) mit den Teilnehmern der Exkursion<\/figcaption><\/figure>\n<hr \/>\n<p><em>Konrad Schlude<\/em><\/p>\n","protected":false},"excerpt":{"rendered":"<div class=\"mh-excerpt\"><p>Im Rahmen des Jubil\u00e4ums &#8222;70 Jahre CDU Jestetten&#8220; hat die CDU Jestetten eine kommunalpolitische Exkursion nach K\u00fcssaberg durchgef\u00fchrt. B\u00fcrgermeister Manfred Weber begr\u00fc\u00dfte die Teilnehmer und <a class=\"mh-excerpt-more\" href=\"https:\/\/schlu.de\/?p=22\" title=\"Kommunalpolitische Exkursion K\u00fcssaberg\">[&#8230;]<\/a><\/p>\n<\/div>","protected":false},"author":1,"featured_media":23,"comment_status":"open","ping_status":"open","sticky":false,"template":"","format":"standard","meta":{"footnotes":""},"categories":[4],"tags":[],"class_list":["post-22","post","type-post","status-publish","format-standard","has-post-thumbnail","hentry","category-cdu"],"_links":{"self":[{"href":"https:\/\/schlu.de\/index.php?rest_route=\/wp\/v2\/posts\/22","targetHints":{"allow":["GET"]}}],"collection":[{"href":"https:\/\/schlu.de\/index.php?rest_route=\/wp\/v2\/posts"}],"about":[{"href":"https:\/\/schlu.de\/index.php?rest_route=\/wp\/v2\/types\/post"}],"author":[{"embeddable":true,"href":"https:\/\/schlu.de\/index.php?rest_route=\/wp\/v2\/users\/1"}],"replies":[{"embeddable":true,"href":"https:\/\/schlu.de\/index.php?rest_route=%2Fwp%2Fv2%2Fcomments&post=22"}],"version-history":[{"count":2,"href":"https:\/\/schlu.de\/index.php?rest_route=\/wp\/v2\/posts\/22\/revisions"}],"predecessor-version":[{"id":93,"href":"https:\/\/schlu.de\/index.php?rest_route=\/wp\/v2\/posts\/22\/revisions\/93"}],"wp:featuredmedia":[{"embeddable":true,"href":"https:\/\/schlu.de\/index.php?rest_route=\/wp\/v2\/media\/23"}],"wp:attachment":[{"href":"https:\/\/schlu.de\/index.php?rest_route=%2Fwp%2Fv2%2Fmedia&parent=22"}],"wp:term":[{"taxonomy":"category","embeddable":true,"href":"https:\/\/schlu.de\/index.php?rest_route=%2Fwp%2Fv2%2Fcategories&post=22"},{"taxonomy":"post_tag","embeddable":true,"href":"https:\/\/schlu.de\/index.php?rest_route=%2Fwp%2Fv2%2Ftags&post=22"}],"curies":[{"name":"wp","href":"https:\/\/api.w.org\/{rel}","templated":true}]}}