{"id":15,"date":"2017-03-31T13:07:14","date_gmt":"2017-03-31T11:07:14","guid":{"rendered":"http:\/\/schlu.de\/?p=15"},"modified":"2017-05-15T21:02:48","modified_gmt":"2017-05-15T19:02:48","slug":"besuch-bei-der-cdu-kreistagsfraktion","status":"publish","type":"post","link":"https:\/\/schlu.de\/?p=15","title":{"rendered":"Besuch bei der CDU Kreistagsfraktion"},"content":{"rendered":"<p>Auf Einladung des Fraktionsvorsitzenden Martin Albers haben Ortsverb\u00e4nde der CDU die Kreistagsfraktion besucht. Die Teilnehmer diskutierten auch mit den Kreisr\u00e4ten Manfred Weber und Ingo Bauer, sowie mit mehreren Mitarbeitern des Landratsamtes.<!--more--><\/p>\n<div class=\"elementStandard elementText\">\n<p>Nach einer kurzen Begr\u00fc\u00dfung durch Martin Albers besuchten die Teilnehmer auch den Landrat Dr. Martin Kistler in dessem B\u00fcro.<\/p>\n<p>Eine wichtiger Punkt im Haushalt des Landkreises ist die F\u00f6rderung des \u00d6PNV. Wie die zust\u00e4ndigen Mitarbeiter des Landratsamtes Lothar Probst und Tina N\u00e4gele ausf\u00fchrten, investiert der Landkreis j\u00e4hrlich rund 7\u00b4000\u00b4000 Euro. Ziel ist hier neben der Sicherung des Fahrplans auch eine verbesserte Barrierefreiheit. Unabh\u00e4ngig vom Sch\u00fclerverkehr ist eine gesteigerte Attraktivit\u00e4t zu bemerken. So wird das Angebot des Waldshuter Tarifverbundes an jedem Werktag von etwa 21\u00b4500 Personen benutzt; das ist jeder 8. Einwohner im Landkreis.<\/p>\n<p>Zu den Herausforderungen z\u00e4hlt die Elektrifizierung der Hochrheinstrecke. Man d\u00fcrfe nicht zur &#8222;Dieselinsel&#8220; werden.<\/p>\n<p>Mit Markus Siebold (Amtsleiter Schul- u. Liegenschaftsverwaltung) besuchten die Teilnehmer den Sitzungssaal, der zur Zeit vollst\u00e4ndig \u00fcberholt wird. Im Bunker unter dem Landratsamt wurde die kommunale F\u00fchrungsstelle f\u00fcr den Katastrophenfall besichtigt.<\/p>\n<figure id=\"attachment_16\" aria-describedby=\"caption-attachment-16\" style=\"width: 300px\" class=\"wp-caption alignnone\"><img loading=\"lazy\" decoding=\"async\" class=\"wp-image-16 size-medium\" src=\"http:\/\/schlu.de\/wp-content\/uploads\/2017\/04\/2017_03_31_Besuch_Kreistagsfraktion-300x163.jpg\" alt=\"\" width=\"300\" height=\"163\" srcset=\"https:\/\/schlu.de\/wp-content\/uploads\/2017\/04\/2017_03_31_Besuch_Kreistagsfraktion-300x163.jpg 300w, https:\/\/schlu.de\/wp-content\/uploads\/2017\/04\/2017_03_31_Besuch_Kreistagsfraktion-768x418.jpg 768w, https:\/\/schlu.de\/wp-content\/uploads\/2017\/04\/2017_03_31_Besuch_Kreistagsfraktion-1024x557.jpg 1024w\" sizes=\"auto, (max-width: 300px) 100vw, 300px\" \/><figcaption id=\"caption-attachment-16\" class=\"wp-caption-text\">Der Fraktionsvorsitzende Martin Albers (2. von links) erl\u00e4utert die Politik im Landkreis. Rechts Lothar Probst und Tina N\u00e4gele vom Landratsamt, links Konrad Schlude, Vorsitzender CDU Jestetten.<\/figcaption><\/figure>\n<figure id=\"attachment_17\" aria-describedby=\"caption-attachment-17\" style=\"width: 300px\" class=\"wp-caption alignnone\"><img loading=\"lazy\" decoding=\"async\" class=\"wp-image-17 size-medium\" src=\"http:\/\/schlu.de\/wp-content\/uploads\/2017\/04\/2017_03_31_Besuch_Kreistagsfraktion_2-300x217.jpg\" alt=\"\" width=\"300\" height=\"217\" srcset=\"https:\/\/schlu.de\/wp-content\/uploads\/2017\/04\/2017_03_31_Besuch_Kreistagsfraktion_2-300x217.jpg 300w, https:\/\/schlu.de\/wp-content\/uploads\/2017\/04\/2017_03_31_Besuch_Kreistagsfraktion_2-768x555.jpg 768w, https:\/\/schlu.de\/wp-content\/uploads\/2017\/04\/2017_03_31_Besuch_Kreistagsfraktion_2-1024x739.jpg 1024w\" sizes=\"auto, (max-width: 300px) 100vw, 300px\" \/><figcaption id=\"caption-attachment-17\" class=\"wp-caption-text\">Markus Siebold erkl\u00e4rt die kommunale F\u00fchrungsstelle. Im Hintergrund Martin Albers und Manfred Weber.<\/figcaption><\/figure>\n<hr \/>\n<p><em>Konrad Schlude<\/em><\/p>\n<\/div>\n","protected":false},"excerpt":{"rendered":"<div class=\"mh-excerpt\"><p>Auf Einladung des Fraktionsvorsitzenden Martin Albers haben Ortsverb\u00e4nde der CDU die Kreistagsfraktion besucht. Die Teilnehmer diskutierten auch mit den Kreisr\u00e4ten Manfred Weber und Ingo Bauer, <a class=\"mh-excerpt-more\" href=\"https:\/\/schlu.de\/?p=15\" title=\"Besuch bei der CDU Kreistagsfraktion\">[&#8230;]<\/a><\/p>\n<\/div>","protected":false},"author":1,"featured_media":16,"comment_status":"open","ping_status":"open","sticky":false,"template":"","format":"standard","meta":{"footnotes":""},"categories":[4,5],"tags":[7],"class_list":["post-15","post","type-post","status-publish","format-standard","has-post-thumbnail","hentry","category-cdu","category-kommunalpolitik","tag-cdu-jestetten"],"_links":{"self":[{"href":"https:\/\/schlu.de\/index.php?rest_route=\/wp\/v2\/posts\/15","targetHints":{"allow":["GET"]}}],"collection":[{"href":"https:\/\/schlu.de\/index.php?rest_route=\/wp\/v2\/posts"}],"about":[{"href":"https:\/\/schlu.de\/index.php?rest_route=\/wp\/v2\/types\/post"}],"author":[{"embeddable":true,"href":"https:\/\/schlu.de\/index.php?rest_route=\/wp\/v2\/users\/1"}],"replies":[{"embeddable":true,"href":"https:\/\/schlu.de\/index.php?rest_route=%2Fwp%2Fv2%2Fcomments&post=15"}],"version-history":[{"count":5,"href":"https:\/\/schlu.de\/index.php?rest_route=\/wp\/v2\/posts\/15\/revisions"}],"predecessor-version":[{"id":91,"href":"https:\/\/schlu.de\/index.php?rest_route=\/wp\/v2\/posts\/15\/revisions\/91"}],"wp:featuredmedia":[{"embeddable":true,"href":"https:\/\/schlu.de\/index.php?rest_route=\/wp\/v2\/media\/16"}],"wp:attachment":[{"href":"https:\/\/schlu.de\/index.php?rest_route=%2Fwp%2Fv2%2Fmedia&parent=15"}],"wp:term":[{"taxonomy":"category","embeddable":true,"href":"https:\/\/schlu.de\/index.php?rest_route=%2Fwp%2Fv2%2Fcategories&post=15"},{"taxonomy":"post_tag","embeddable":true,"href":"https:\/\/schlu.de\/index.php?rest_route=%2Fwp%2Fv2%2Ftags&post=15"}],"curies":[{"name":"wp","href":"https:\/\/api.w.org\/{rel}","templated":true}]}}